{"id":3178,"date":"2026-09-02T09:00:25","date_gmt":"2026-09-02T07:00:25","guid":{"rendered":"https:\/\/zentrale.pl\/?p=3178"},"modified":"2026-09-02T19:37:19","modified_gmt":"2026-09-02T17:37:19","slug":"first-book-about-our-work","status":"publish","type":"post","link":"https:\/\/zentrale.pl\/en\/first-book-about-our-work\/","title":{"rendered":"FIRST BOOK ABOUT OUR WORK","raw":"FIRST BOOK ABOUT OUR WORK"},"content":{"rendered":"<p>Krytyka Polityczna has just published &#8220;Uberization: On the Working Conditions of Couriers&#8221; by Catherine Duda. It is the first comprehensive publication in Poland devoted entirely to the working conditions of people working as Platform Providers. The publisher presents it as &#8220;a story of a new world of work, where bosses have hidden behind intermediaries and algorithms, leaving couriers without rights and protection.&#8221;<\/p>\n<p>The book can be purchased <a href=\"https:\/\/krytykapolityczna.pl\/wydawnictwo\/uberyzacja-katarzyna-duda\/\" target=\"_blank\">here<\/a><\/p>\n<p>You can find an extensive free excerpt of the book <a href=\"https:\/\/krytykapolityczna.pl\/wp-content\/uploads\/2026\/07\/fragment_uberyzacja_978-83-68823-24-0.epub\" target=\"_blank\">here<\/a>.<\/p>\n<p>We will present an interview with the author in the coming days.<\/p>\n<p><HR><br \/>\nAnd also:<br \/>\nTHERE ARE 2 MONTHS AND 30 DAYS LEFT FOR THE IMPLEMENTATION OF THE PLATFORM WORK DIRECTIVE.<\/p>\n","protected":false,"raw":"Krytyka Polityczna has just published \"Uberization: On the Working Conditions of Couriers\" by Catherine Duda. It is the first comprehensive publication in Poland devoted entirely to the working conditions of people working as Platform Providers. The publisher presents it as \"a story of a new world of work, where bosses have hidden behind intermediaries and algorithms, leaving couriers without rights and protection.\"\r\n\r\nThe book can be purchased <a href=\"https:\/\/krytykapolityczna.pl\/wydawnictwo\/uberyzacja-katarzyna-duda\/\" target=\"_blank\">here<\/a>\r\n\r\nYou can find an extensive free excerpt of the book <a href=\"https:\/\/krytykapolityczna.pl\/wp-content\/uploads\/2026\/07\/fragment_uberyzacja_978-83-68823-24-0.epub\" target=\"_blank\">here<\/a>.\r\n\r\nWe will present an interview with the author in the coming days.\r\n\r\n<HR>\r\nAnd also:\r\nTHERE ARE 2 MONTHS AND 30 DAYS LEFT FOR THE IMPLEMENTATION OF THE PLATFORM WORK DIRECTIVE."},"excerpt":{"rendered":"","protected":false,"raw":""},"author":1,"featured_media":3180,"comment_status":"closed","ping_status":"open","sticky":false,"template":"","format":"standard","meta":{"_pl_post_content":"Krytyka Polityczna wyda\u0142a w\u0142a\u015bnie ksi\u0105\u017c\u0119 Katarzyny Dudy \u201cUberyzacja. O warunkach pracy kurier\u00f3w\u201d. Jest to pierwsza w Polsce tak obszerna publikacja w ca\u0142o\u015bci po\u015bwi\u0119cona warunkom pracy os\u00f3b pracuj\u0105cych jako Dostawcy dla Platform. Wydawnictwo przedstawia j\u0105 jako \u201copowie\u015b\u0107 o nowym \u015bwiecie pracy, w kt\u00f3rym szefowie schowali si\u0119 za po\u015brednikami i algorytmami, pozostawiaj\u0105c kurier\u00f3w bez praw i ochrony\u201d.\r\n\r\nKsi\u0105\u017ck\u0119 mo\u017cna kupi\u0107 <a href=\"https:\/\/krytykapolityczna.pl\/wydawnictwo\/uberyzacja-katarzyna-duda\/\" target=\"_blank\">tutaj<\/a> \r\nObszerny bezp\u0142atny fragment ksi\u0105\u017cki znajdziecie <a href=\"https:\/\/krytykapolityczna.pl\/wp-content\/uploads\/2026\/07\/fragment_uberyzacja_978-83-68823-24-0.epub\" target=\"_blank\">tutaj<\/a>.\r\n\r\nJu\u017c w najbli\u017cszych dniach zaprezentujemy rozmow\u0119 z Autork\u0105.\r\n\r\n<HR>\r\nA poza tym:\r\nNA WDRO\u017bENIE DYREKTYWY O PRACY PLATFORMOWEJ ZOSTA\u0141O 2 MIESI\u0104CE I 30 DNI.\r\n\r\n\r\n\r\n\r\n","_pl_post_name":"pierwsza-ksiazka-o-naszej-pracy","_pl_post_excerpt":"","_pl_post_title":"PIERWSZA KSI\u0104\u017bKA O NASZEJ PRACY","_en_post_content":"Krytyka Polityczna has just published \"Uberization: On the Working Conditions of Couriers\" by Catherine Duda. It is the first comprehensive publication in Poland devoted entirely to the working conditions of people working as Platform Providers. The publisher presents it as \"a story of a new world of work, where bosses have hidden behind intermediaries and algorithms, leaving couriers without rights and protection.\"\r\n\r\nThe book can be purchased <a href=\"https:\/\/krytykapolityczna.pl\/wydawnictwo\/uberyzacja-katarzyna-duda\/\" target=\"_blank\">here<\/a>\r\n\r\nYou can find an extensive free excerpt of the book <a href=\"https:\/\/krytykapolityczna.pl\/wp-content\/uploads\/2026\/07\/fragment_uberyzacja_978-83-68823-24-0.epub\" target=\"_blank\">here<\/a>.\r\n\r\nWe will present an interview with the author in the coming days.\r\n\r\n<HR>\r\nAnd also:\r\nTHERE ARE 2 MONTHS AND 30 DAYS LEFT FOR THE IMPLEMENTATION OF THE PLATFORM WORK DIRECTIVE.","_en_post_name":"first-book-about-our-work","_en_post_excerpt":"","_en_post_title":"FIRST BOOK ABOUT OUR WORK","_ru_post_content":"\u0418\u0437\u0434\u0430\u0442\u0435\u043b\u044c\u0441\u0442\u0432\u043e Krytyka Polityczna \u0442\u043e\u043b\u044c\u043a\u043e \u0447\u0442\u043e \u043e\u043f\u0443\u0431\u043b\u0438\u043a\u043e\u0432\u0430\u043b\u043e \u043a\u043d\u0438\u0433\u0443 \u041a\u044d\u0442\u0440\u0438\u043d \u0414\u0443\u0434\u044b \u00ab\u0423\u0431\u0435\u0440\u0438\u0437\u0430\u0446\u0438\u044f: \u043e\u0431 \u0443\u0441\u043b\u043e\u0432\u0438\u044f\u0445 \u0442\u0440\u0443\u0434\u0430 \u043a\u0443\u0440\u044c\u0435\u0440\u043e\u0432\u00bb. \u042d\u0442\u043e \u043f\u0435\u0440\u0432\u043e\u0435 \u0432 \u041f\u043e\u043b\u044c\u0448\u0435 \u0432\u0441\u0435\u043e\u0431\u044a\u0435\u043c\u043b\u044e\u0449\u0435\u0435 \u0438\u0437\u0434\u0430\u043d\u0438\u0435, \u043f\u043e\u043b\u043d\u043e\u0441\u0442\u044c\u044e \u043f\u043e\u0441\u0432\u044f\u0449\u0435\u043d\u043d\u043e\u0435 \u0443\u0441\u043b\u043e\u0432\u0438\u044f\u043c \u0442\u0440\u0443\u0434\u0430 \u043b\u044e\u0434\u0435\u0439, \u0440\u0430\u0431\u043e\u0442\u0430\u044e\u0449\u0438\u0445 \u0432 \u043a\u0430\u0447\u0435\u0441\u0442\u0432\u0435 \u043f\u043e\u0441\u0442\u0430\u0432\u0449\u0438\u043a\u043e\u0432 \u043f\u043b\u0430\u0442\u0444\u043e\u0440\u043c. \u0418\u0437\u0434\u0430\u0442\u0435\u043b\u044c\u0441\u0442\u0432\u043e \u043f\u0440\u0435\u0434\u0441\u0442\u0430\u0432\u043b\u044f\u0435\u0442 \u043a\u043d\u0438\u0433\u0443 \u043a\u0430\u043a \u00ab\u0438\u0441\u0442\u043e\u0440\u0438\u044e \u043d\u043e\u0432\u043e\u0433\u043e \u043c\u0438\u0440\u0430 \u0442\u0440\u0443\u0434\u0430, \u0433\u0434\u0435 \u0440\u0430\u0431\u043e\u0442\u043e\u0434\u0430\u0442\u0435\u043b\u0438 \u0441\u043a\u0440\u044b\u0432\u0430\u044e\u0442\u0441\u044f \u0437\u0430 \u043f\u043e\u0441\u0440\u0435\u0434\u043d\u0438\u043a\u0430\u043c\u0438 \u0438 \u0430\u043b\u0433\u043e\u0440\u0438\u0442\u043c\u0430\u043c\u0438, \u043e\u0441\u0442\u0430\u0432\u043b\u044f\u044f \u043a\u0443\u0440\u044c\u0435\u0440\u043e\u0432 \u0431\u0435\u0437 \u043f\u0440\u0430\u0432 \u0438 \u0437\u0430\u0449\u0438\u0442\u044b\u00bb.\r\n\r\n\u041a\u043d\u0438\u0433\u0443 \u043c\u043e\u0436\u043d\u043e \u043f\u0440\u0438\u043e\u0431\u0440\u0435\u0441\u0442\u0438 <a href=\"https:\/\/krytykapolityczna.pl\/wydawnictwo\/uberyzacja-katarzyna-duda\/\" target=\"_blank\">\u0437\u0434\u0435\u0441\u044c<\/a>\r\n\r\n\u0412\u044b \u043c\u043e\u0436\u0435\u0442\u0435 \u043d\u0430\u0439\u0442\u0438 \u043e\u0431\u0448\u0438\u0440\u043d\u044b\u0439 \u0431\u0435\u0441\u043f\u043b\u0430\u0442\u043d\u044b\u0439 \u043e\u0442\u0440\u044b\u0432\u043e\u043a \u0438\u0437 \u043a\u043d\u0438\u0433\u0438 <a href=\"https:\/\/krytykapolityczna.pl\/wp-content\/uploads\/2026\/07\/fragment_uberyzacja_978-83-68823-24-0.epub\" target=\"_blank\">\u0437\u0434\u0435\u0441\u044c<\/a>.\r\n\r\n\u0412 \u0431\u043b\u0438\u0436\u0430\u0439\u0448\u0438\u0435 \u0434\u043d\u0438 \u043c\u044b \u043e\u043f\u0443\u0431\u043b\u0438\u043a\u0443\u0435\u043c \u0438\u043d\u0442\u0435\u0440\u0432\u044c\u044e \u0441 \u0430\u0432\u0442\u043e\u0440\u043e\u043c.\r\n\r\n<HR>\r\n\u0410 \u0442\u0430\u043a\u0436\u0435:\r\n\u0414\u041e \u0418\u0421\u041f\u041e\u041b\u041d\u0415\u041d\u0418\u042f \u0414\u0418\u0420\u0415\u041a\u0422\u0418\u0412\u042b \u041e \u0420\u0410\u0411\u041e\u0422\u0415 \u0421 \u041f\u041b\u0410\u0422\u0424\u041e\u0420\u041c\u041e\u0419 \u041e\u0421\u0422\u0410\u041b\u041e\u0421\u042c 2 \u041c\u0415\u0421\u042f\u0426\u0410 \u0418 30 \u0414\u041d\u0415\u0419.","_ru_post_name":"%d0%bf%d0%b5%d1%80%d0%b2%d0%b0%d1%8f-%d0%ba%d0%bd%d0%b8%d0%b3%d0%b0-%d0%be-%d0%bd%d0%b0%d1%88%d0%b5%d0%b9-%d1%80%d0%b0%d0%b1%d0%be%d1%82%d0%b5","_ru_post_excerpt":"","_ru_post_title":"\u041f\u0415\u0420\u0412\u0410\u042f \u041a\u041d\u0418\u0413\u0410 \u041e \u041d\u0410\u0428\u0415\u0419 \u0420\u0410\u0411\u041e\u0422\u0415","edit_language":"en","footnotes":""},"categories":[1],"tags":[],"class_list":["post-3178","post","type-post","status-publish","format-standard","has-post-thumbnail","hentry","category-aktualnosci"],"_links":{"self":[{"href":"https:\/\/zentrale.pl\/en\/wp-json\/wp\/v2\/posts\/3178","targetHints":{"allow":["GET"]}}],"collection":[{"href":"https:\/\/zentrale.pl\/en\/wp-json\/wp\/v2\/posts"}],"about":[{"href":"https:\/\/zentrale.pl\/en\/wp-json\/wp\/v2\/types\/post"}],"author":[{"embeddable":true,"href":"https:\/\/zentrale.pl\/en\/wp-json\/wp\/v2\/users\/1"}],"replies":[{"embeddable":true,"href":"https:\/\/zentrale.pl\/en\/wp-json\/wp\/v2\/comments?post=3178"}],"version-history":[{"count":3,"href":"https:\/\/zentrale.pl\/en\/wp-json\/wp\/v2\/posts\/3178\/revisions"}],"predecessor-version":[{"id":3182,"href":"https:\/\/zentrale.pl\/en\/wp-json\/wp\/v2\/posts\/3178\/revisions\/3182"}],"wp:featuredmedia":[{"embeddable":true,"href":"https:\/\/zentrale.pl\/en\/wp-json\/wp\/v2\/media\/3180"}],"wp:attachment":[{"href":"https:\/\/zentrale.pl\/en\/wp-json\/wp\/v2\/media?parent=3178"}],"wp:term":[{"taxonomy":"category","embeddable":true,"href":"https:\/\/zentrale.pl\/en\/wp-json\/wp\/v2\/categories?post=3178"},{"taxonomy":"post_tag","embeddable":true,"href":"https:\/\/zentrale.pl\/en\/wp-json\/wp\/v2\/tags?post=3178"}],"curies":[{"name":"wp","href":"https:\/\/api.w.org\/{rel}","templated":true}]}}